{"id":113639,"date":"2026-04-24T13:56:24","date_gmt":"2026-04-24T11:56:24","guid":{"rendered":"https:\/\/demo.hofstadradio.com\/index.php\/2026\/04\/24\/podcast-de-dag-nasrah-habiballah-over-haar-afscheid-uit-israel\/"},"modified":"2026-04-24T13:56:24","modified_gmt":"2026-04-24T11:56:24","slug":"podcast-de-dag-nasrah-habiballah-over-haar-afscheid-uit-israel","status":"publish","type":"post","link":"https:\/\/demo.hofstadradio.com\/index.php\/2026\/04\/24\/podcast-de-dag-nasrah-habiballah-over-haar-afscheid-uit-israel\/","title":{"rendered":"Podcast De Dag: Nasrah Habiballah over haar afscheid uit Isra\u00ebl"},"content":{"rendered":"<p>Nasrah Habiballah neemt na 3,5 jaar afscheid als correspondent voor Isra\u00ebl en de Palestijnse gebieden. Drie\u00ebneenhalf jaar die bijna geheel in het teken stonden van oorlog. In de podcast blikt ze terug.<\/p>\n<p>Deze aflevering van <em>De Dag<\/em> kun je beluisteren via <a href=\"https:\/\/npo.nl\/luister\/podcasts\/123-de-dag\/140089\">NPO Luister<\/a> en alle <a href=\"https:\/\/pod.link\/1339219119\/episode\/V09fTk9TXzIwMzM3ODA5\">andere podcastkanalen<\/a>. Bevalt het? Vergeet je dan niet te abonneren!<\/p>\n<p>Nasrah heeft naar eigen zeggen gemengde gevoelens over haar correspondentschap. &#8220;Het is en blijft het mooiste vak van de wereld&#8221;, zegt ze, maar ze vond het &#8220;ongekend zwaar&#8221;.<\/p>\n<p>In de podcast vertelt ze waarom ze heeft besloten om naar Nederland terug te keren, hoe ze de regio waar ze zulke warme herinneringen aan bewaarde in een paar jaar tijd drastisch zag veranderen en welke nieuwsmomenten en reportages haar voor altijd zullen bijblijven.<\/p>\n<p>Reageren? Mail <a href=\"mailto:dedag@nos.nl\">dedag@nos.nl<\/a><\/p>\n<p>Presentatie en montage: Elisabeth Steinz<\/p>\n<p>Redactie: IJsbrand Terpstra<\/p>\n<p>Eindredactie: Judith van de Hulsbeek<\/p>\n<p>\u00a0Bron: NOS Binnenland\u00a0<\/p>\n","protected":false},"excerpt":{"rendered":"<p>Nasrah Habiballah neemt na 3,5 jaar afscheid als correspondent voor Isra\u00ebl en de Palestijnse gebieden. Drie\u00ebneenhalf jaar die bijna geheel in het teken stonden van oorlog. In de podcast blikt ze terug. Deze aflevering van De Dag kun je beluisteren via NPO Luister en alle andere podcastkanalen. Bevalt het? Vergeet ...<\/p>\n","protected":false},"author":1,"featured_media":113640,"comment_status":"open","ping_status":"open","sticky":false,"template":"","format":"standard","meta":{"_monsterinsights_skip_tracking":false,"_monsterinsights_sitenote_active":false,"_monsterinsights_sitenote_note":"","_monsterinsights_sitenote_category":0,"footnotes":""},"categories":[1],"tags":[],"class_list":["post-113639","post","type-post","status-publish","format-standard","has-post-thumbnail","hentry","category-uncategorized"],"aioseo_notices":[],"_links":{"self":[{"href":"https:\/\/demo.hofstadradio.com\/index.php\/wp-json\/wp\/v2\/posts\/113639","targetHints":{"allow":["GET"]}}],"collection":[{"href":"https:\/\/demo.hofstadradio.com\/index.php\/wp-json\/wp\/v2\/posts"}],"about":[{"href":"https:\/\/demo.hofstadradio.com\/index.php\/wp-json\/wp\/v2\/types\/post"}],"author":[{"embeddable":true,"href":"https:\/\/demo.hofstadradio.com\/index.php\/wp-json\/wp\/v2\/users\/1"}],"replies":[{"embeddable":true,"href":"https:\/\/demo.hofstadradio.com\/index.php\/wp-json\/wp\/v2\/comments?post=113639"}],"version-history":[{"count":0,"href":"https:\/\/demo.hofstadradio.com\/index.php\/wp-json\/wp\/v2\/posts\/113639\/revisions"}],"wp:featuredmedia":[{"embeddable":true,"href":"https:\/\/demo.hofstadradio.com\/index.php\/wp-json\/wp\/v2\/media\/113640"}],"wp:attachment":[{"href":"https:\/\/demo.hofstadradio.com\/index.php\/wp-json\/wp\/v2\/media?parent=113639"}],"wp:term":[{"taxonomy":"category","embeddable":true,"href":"https:\/\/demo.hofstadradio.com\/index.php\/wp-json\/wp\/v2\/categories?post=113639"},{"taxonomy":"post_tag","embeddable":true,"href":"https:\/\/demo.hofstadradio.com\/index.php\/wp-json\/wp\/v2\/tags?post=113639"}],"curies":[{"name":"wp","href":"https:\/\/api.w.org\/{rel}","templated":true}]}}