{"id":119865,"date":"2026-04-29T15:40:58","date_gmt":"2026-04-29T13:40:58","guid":{"rendered":"https:\/\/demo.hofstadradio.com\/index.php\/2026\/04\/29\/29-4-in-nieuwsuur-magyar-wil-einde-aan-poetinisering-vae-uit-opec\/"},"modified":"2026-04-29T15:40:58","modified_gmt":"2026-04-29T13:40:58","slug":"29-4-in-nieuwsuur-magyar-wil-einde-aan-poetinisering-vae-uit-opec","status":"publish","type":"post","link":"https:\/\/demo.hofstadradio.com\/index.php\/2026\/04\/29\/29-4-in-nieuwsuur-magyar-wil-einde-aan-poetinisering-vae-uit-opec\/","title":{"rendered":"29\/4 in Nieuwsuur: Magyar wil einde aan &#8216;Poetinisering&#8217; \u2022 VAE uit OPEC"},"content":{"rendered":"<h2>Een nieuw tijdperk voor Hongarije<\/h2>\n<p>Tien dagen v\u00f3\u00f3r z&#8217;n aantreden als premier van Hongarije reist P\u00e9ter Magyar naar Brussel voor een ontmoeting met commissievoorzitter Von der Leyen. In Brussel hoopt men dat er een eind komt aan de gespannen verhouding tussen Hongarije en de EU. Miljarden aan bevroren Europese fondsen liggen voor Magyar klaar.<\/p>\n<p>De nieuwe premier belooft de rechtsstaat te herstellen, corruptie te bestrijden en de democratie te hervormen. Veel Hongaren willen bovendien een einde aan de &#8216;Poetinisering&#8217; van hun land en hopen op een breuk met Moskou. We bespreken het nieuwe Hongaarse tijdperk met Europacorrespondent <strong>Saskia Dekkers<\/strong>.<\/p>\n<h2>Dreun in olieland<\/h2>\n<p>De Verenigde Arabische Emiraten stappen uit de OPEC. Met ingang van 1 mei, komende vrijdag dus, verlaat het land het oliekartel. Ook aan de gesprekken met de groep OPEC+, waarvan ook Rusland deel uitmaakt, doet de VAE niet meer mee.<\/p>\n<p>Het besluit komt op een moment dat de oliemarkt onder hoge druk staat. Wat zijn de potenti\u00eble gevolgen?<\/p>\n<p>\u00a0Bron: NOS Binnenland\u00a0<\/p>\n","protected":false},"excerpt":{"rendered":"<p>Een nieuw tijdperk voor Hongarije Tien dagen v\u00f3\u00f3r z&#8217;n aantreden als premier van Hongarije reist P\u00e9ter Magyar naar Brussel voor een ontmoeting met commissievoorzitter Von der Leyen. In Brussel hoopt men dat er een eind komt aan de gespannen verhouding tussen Hongarije en de EU. Miljarden aan bevroren Europese fondsen ...<\/p>\n","protected":false},"author":1,"featured_media":119866,"comment_status":"open","ping_status":"open","sticky":false,"template":"","format":"standard","meta":{"_monsterinsights_skip_tracking":false,"_monsterinsights_sitenote_active":false,"_monsterinsights_sitenote_note":"","_monsterinsights_sitenote_category":0,"footnotes":""},"categories":[1],"tags":[],"class_list":["post-119865","post","type-post","status-publish","format-standard","has-post-thumbnail","hentry","category-uncategorized"],"aioseo_notices":[],"_links":{"self":[{"href":"https:\/\/demo.hofstadradio.com\/index.php\/wp-json\/wp\/v2\/posts\/119865","targetHints":{"allow":["GET"]}}],"collection":[{"href":"https:\/\/demo.hofstadradio.com\/index.php\/wp-json\/wp\/v2\/posts"}],"about":[{"href":"https:\/\/demo.hofstadradio.com\/index.php\/wp-json\/wp\/v2\/types\/post"}],"author":[{"embeddable":true,"href":"https:\/\/demo.hofstadradio.com\/index.php\/wp-json\/wp\/v2\/users\/1"}],"replies":[{"embeddable":true,"href":"https:\/\/demo.hofstadradio.com\/index.php\/wp-json\/wp\/v2\/comments?post=119865"}],"version-history":[{"count":0,"href":"https:\/\/demo.hofstadradio.com\/index.php\/wp-json\/wp\/v2\/posts\/119865\/revisions"}],"wp:featuredmedia":[{"embeddable":true,"href":"https:\/\/demo.hofstadradio.com\/index.php\/wp-json\/wp\/v2\/media\/119866"}],"wp:attachment":[{"href":"https:\/\/demo.hofstadradio.com\/index.php\/wp-json\/wp\/v2\/media?parent=119865"}],"wp:term":[{"taxonomy":"category","embeddable":true,"href":"https:\/\/demo.hofstadradio.com\/index.php\/wp-json\/wp\/v2\/categories?post=119865"},{"taxonomy":"post_tag","embeddable":true,"href":"https:\/\/demo.hofstadradio.com\/index.php\/wp-json\/wp\/v2\/tags?post=119865"}],"curies":[{"name":"wp","href":"https:\/\/api.w.org\/{rel}","templated":true}]}}